{"id":95,"date":"2024-12-21T00:01:19","date_gmt":"2024-12-21T00:01:19","guid":{"rendered":"https:\/\/elemanyonlendir.com\/blog\/?p=95"},"modified":"2024-12-21T00:25:11","modified_gmt":"2024-12-21T00:25:11","slug":"kis-aylarinda-evde-hijyen-nasil-saglanir","status":"publish","type":"post","link":"https:\/\/elemanyonlendir.com\/blog\/kis-aylarinda-evde-hijyen-nasil-saglanir\/","title":{"rendered":"K\u0131\u015f Aylar\u0131nda Evde Hijyen Nas\u0131l Sa\u011flan\u0131r?"},"content":{"rendered":"\n<p>K\u0131\u015f aylar\u0131nda so\u011fuk hava ve kapal\u0131 mekanlarda ge\u00e7irilen zaman\u0131n artmas\u0131, evde hijyenin \u00f6nemini daha da art\u0131r\u0131r. Mikrop ve bakterilerin h\u0131zla yay\u0131labildi\u011fi bu d\u00f6nemde, aile sa\u011fl\u0131\u011f\u0131n\u0131 korumak i\u00e7in etkili temizlik ve hijyen \u00f6nlemleri almak b\u00fcy\u00fck \u00f6nem ta\u015f\u0131r. <strong>Eleman Y\u00f6nlendir<\/strong>, evinizde hijyen standartlar\u0131n\u0131 y\u00fckseltmek i\u00e7in profesyonel temizlik hizmetleri sunarak size destek olabilir.<\/p>\n\n\n\n<h2 class=\"wp-block-heading\">K\u0131\u015f Aylar\u0131nda Evde Mikrop ve Bakterilere Kar\u015f\u0131 \u00d6nlemler<\/h2>\n\n\n\n<p>Mikrop ve bakterilerle m\u00fccadele etmek i\u00e7in \u00f6ncelikle s\u0131k kullan\u0131lan y\u00fczeylerin d\u00fczenli olarak dezenfekte edilmesi gerekir. Bu uygulama, mutfaktan banyoya kadar t\u00fcm alanlarda hijyen sa\u011flamada etkili bir y\u00f6ntemdir. Mikroplar\u0131 \u00f6nlemek ad\u0131na g\u00fc\u00e7l\u00fc ancak do\u011fal i\u00e7erikli dezenfektanlar tercih edilebilir.<\/p>\n\n\n\n<p>Ellerin sabun ve su ile s\u0131k s\u0131k y\u0131kanmas\u0131, \u00f6zellikle k\u0131\u015f hastal\u0131klar\u0131na kar\u015f\u0131 korunmada \u00f6nemli bir rol oynar. El hijyeni, evdeki di\u011fer bireylerin sa\u011fl\u0131\u011f\u0131n\u0131 korumak i\u00e7in de temel bir ad\u0131md\u0131r. K\u0131\u015f aylar\u0131nda kapsaml\u0131 temizlik rutini olu\u015fturmak ve d\u00fczenli havaland\u0131rma sa\u011flamak da hijyenik bir ortam yaratmada etkili olacakt\u0131r.<\/p>\n\n\n\n<h2 class=\"wp-block-heading\">K\u0131\u015fl\u0131k Giysilerin ve Battaniyelerin Temizli\u011fi<\/h2>\n\n\n\n<p>K\u0131\u015fl\u0131k tekstil \u00fcr\u00fcnleri, hijyenin sa\u011flanmas\u0131nda \u00f6zel bir \u00f6zen ister. D\u0131\u015far\u0131da kullan\u0131lan mont ve kaban gibi giysiler, d\u00fczenli olarak temizlenmelidir. Bu \u00fcr\u00fcnlerin y\u0131kanma s\u0131kl\u0131\u011f\u0131n\u0131 art\u0131rarak mikrop birikiminin \u00f6n\u00fcne ge\u00e7ebilirsiniz.<\/p>\n\n\n\n<p>Battaniyeler gibi k\u0131\u015fl\u0131k e\u015fyalar, so\u011fuk havalarda daha s\u0131k kullan\u0131ld\u0131\u011f\u0131ndan hijyenik tutulmas\u0131 gerekir. G\u00fcne\u015fte kurutma y\u00f6ntemi, bu \u00fcr\u00fcnlerin mikrop ve bakterilerden ar\u0131nmas\u0131na yard\u0131mc\u0131 olabilir. Giysilerinizi y\u00fcksek s\u0131cakl\u0131kta y\u0131kamak, hijyen standartlar\u0131n\u0131 art\u0131ran bir di\u011fer etkili y\u00f6ntemdir.<\/p>\n\n\n\n<figure class=\"wp-block-image size-full is-resized\"><img loading=\"lazy\" decoding=\"async\" width=\"275\" height=\"183\" src=\"https:\/\/elemanyonlendir.com\/blog\/wp-content\/uploads\/2024\/12\/kis-aylarinda-bakteri-ve-mikrop-temizligi.jpg\" alt=\"\" class=\"wp-image-99\" style=\"width:371px;height:auto\"\/><\/figure>\n\n\n\n<h2 class=\"wp-block-heading\">Kapal\u0131 Mekanlarda Hava Kalitesini \u0130yile\u015ftirme<\/h2>\n\n\n\n<p>Kapal\u0131 mekanlarda hava kalitesini korumak, hijyenin s\u00fcrd\u00fcr\u00fclebilirli\u011fi a\u00e7\u0131s\u0131ndan kritik \u00f6neme sahiptir. G\u00fcnl\u00fck havaland\u0131rma ile temiz hava ak\u0131\u015f\u0131 sa\u011flamak, nem birikimini \u00f6nler ve bakterilerin yay\u0131lmas\u0131n\u0131 engeller.<\/p>\n\n\n\n<p>Hava temizleyiciler, \u00f6zellikle k\u0131\u015f aylar\u0131nda kapal\u0131 ortamlardaki alerjenleri ve zararl\u0131 partik\u00fclleri filtrelemekte etkili bir ara\u00e7t\u0131r. Bu cihazlar, ailenizin sa\u011fl\u0131\u011f\u0131n\u0131 korurken evinizin daha ferah bir hale gelmesini sa\u011flar. Bitkiler de i\u00e7 mekan hava kalitesini art\u0131rarak do\u011fal bir filtre g\u00f6revi g\u00f6r\u00fcr.<\/p>\n\n\n\n<figure class=\"wp-block-image size-full\"><img loading=\"lazy\" decoding=\"async\" width=\"724\" height=\"483\" src=\"https:\/\/elemanyonlendir.com\/blog\/wp-content\/uploads\/2024\/12\/kisin-kapali-ortam-havalandirmasi.jpg\" alt=\"kisin kapali ortam havalandirmasi\" class=\"wp-image-97\" srcset=\"https:\/\/elemanyonlendir.com\/blog\/wp-content\/uploads\/2024\/12\/kisin-kapali-ortam-havalandirmasi.jpg 724w, https:\/\/elemanyonlendir.com\/blog\/wp-content\/uploads\/2024\/12\/kisin-kapali-ortam-havalandirmasi-300x200.jpg 300w\" sizes=\"auto, (max-width: 724px) 100vw, 724px\" \/><\/figure>\n\n\n\n<h2 class=\"wp-block-heading\">Evde Ayakkab\u0131 ve D\u0131\u015f Giyim Temizli\u011fi<\/h2>\n\n\n\n<p>Giri\u015f alan\u0131, d\u0131\u015f ortamdan ta\u015f\u0131nan mikroplar\u0131n engellenmesi i\u00e7in \u00f6zen g\u00f6sterilmesi gereken bir b\u00f6lgedir. Ayakkab\u0131lar\u0131n\u0131z\u0131 d\u00fczenli olarak temizlemek ve dezenfekte etmek, evin hijyenini koruman\u0131n \u00f6nemli ad\u0131mlar\u0131ndand\u0131r.<\/p>\n\n\n\n<p>Mont ve kaban gibi d\u0131\u015f giysiler, mikrop ta\u015f\u0131yabilece\u011finden, d\u00fczenli temizlenmeli ve s\u0131k s\u0131k havaland\u0131r\u0131lmal\u0131d\u0131r. Giri\u015f alan\u0131n\u0131 dezenfekte ederek, d\u0131\u015far\u0131dan ta\u015f\u0131nan mikroplar\u0131n di\u011fer ya\u015fam alanlar\u0131na yay\u0131lmas\u0131n\u0131 \u00f6nleyebilirsiniz.<\/p>\n\n\n\n<h2 class=\"wp-block-heading\">K\u0131\u015f Aylar\u0131nda \u00c7ocuklu Evlerde Hijyenin \u00d6nemi<\/h2>\n\n\n\n<p>\u00c7ocuklar\u0131n ba\u011f\u0131\u015f\u0131kl\u0131k sisteminin daha hassas olmas\u0131, k\u0131\u015f aylar\u0131nda hijyenin \u00f6nemini art\u0131r\u0131r. \u00c7ocuk odas\u0131ndaki oyuncaklar, yatak \u00f6rt\u00fcleri ve giysiler d\u00fczenli olarak temizlenmelidir. D\u0131\u015far\u0131dan getirilen mikroplar\u0131 \u00f6nlemek i\u00e7in, \u00e7ocuklar\u0131n mont ve ayakkab\u0131lar\u0131n\u0131n temiz tutulmas\u0131na \u00f6zen g\u00f6sterilmelidir.<\/p>\n\n\n\n<p>Hijyen bilinci olu\u015fturmak i\u00e7in \u00e7ocuklara ki\u015fisel temizlik al\u0131\u015fkanl\u0131klar\u0131 kazand\u0131rmak \u00f6nemlidir. El y\u0131kama, oyuncak temizli\u011fi gibi konular \u00e7ocuklara e\u011flenceli bir dille anlat\u0131larak, sa\u011fl\u0131kl\u0131 bir ya\u015fam tarz\u0131 benimsemeleri sa\u011flanabilir.<\/p>\n\n\n\n<p>K\u0131\u015f aylar\u0131nda hijyen standartlar\u0131n\u0131 y\u00fckseltmek i\u00e7in uygulayaca\u011f\u0131n\u0131z bu y\u00f6ntemler, evinizi daha sa\u011fl\u0131kl\u0131 ve ferah bir ortam haline getirmenize yard\u0131mc\u0131 olur. Eleman Y\u00f6nlendir, <a href=\"https:\/\/elemanyonlendir.com\/ev-temizligi\"><strong>ev temizli\u011fi<\/strong><\/a>  ihtiya\u00e7lar\u0131n\u0131z\u0131 kar\u015f\u0131lamak i\u00e7in profesyonel \u00e7\u00f6z\u00fcmleriyle yan\u0131n\u0131zda.<\/p>\n","protected":false},"excerpt":{"rendered":"<p>K\u0131\u015f aylar\u0131nda so\u011fuk hava ve kapal\u0131 mekanlarda ge\u00e7irilen zaman\u0131n artmas\u0131, evde hijyenin \u00f6nemini daha da art\u0131r\u0131r. Mikrop ve bakterilerin h\u0131zla yay\u0131labildi\u011fi bu d\u00f6nemde, aile sa\u011fl\u0131\u011f\u0131n\u0131 korumak i\u00e7in etkili temizlik ve&hellip;<\/p>\n","protected":false},"author":4,"featured_media":96,"comment_status":"open","ping_status":"open","sticky":false,"template":"","format":"standard","meta":{"rank_math_lock_modified_date":false,"footnotes":""},"categories":[5],"tags":[],"class_list":["post-95","post","type-post","status-publish","format-standard","has-post-thumbnail","hentry","category-ev-temizligi"],"_links":{"self":[{"href":"https:\/\/elemanyonlendir.com\/blog\/wp-json\/wp\/v2\/posts\/95","targetHints":{"allow":["GET"]}}],"collection":[{"href":"https:\/\/elemanyonlendir.com\/blog\/wp-json\/wp\/v2\/posts"}],"about":[{"href":"https:\/\/elemanyonlendir.com\/blog\/wp-json\/wp\/v2\/types\/post"}],"author":[{"embeddable":true,"href":"https:\/\/elemanyonlendir.com\/blog\/wp-json\/wp\/v2\/users\/4"}],"replies":[{"embeddable":true,"href":"https:\/\/elemanyonlendir.com\/blog\/wp-json\/wp\/v2\/comments?post=95"}],"version-history":[{"count":1,"href":"https:\/\/elemanyonlendir.com\/blog\/wp-json\/wp\/v2\/posts\/95\/revisions"}],"predecessor-version":[{"id":100,"href":"https:\/\/elemanyonlendir.com\/blog\/wp-json\/wp\/v2\/posts\/95\/revisions\/100"}],"wp:featuredmedia":[{"embeddable":true,"href":"https:\/\/elemanyonlendir.com\/blog\/wp-json\/wp\/v2\/media\/96"}],"wp:attachment":[{"href":"https:\/\/elemanyonlendir.com\/blog\/wp-json\/wp\/v2\/media?parent=95"}],"wp:term":[{"taxonomy":"category","embeddable":true,"href":"https:\/\/elemanyonlendir.com\/blog\/wp-json\/wp\/v2\/categories?post=95"},{"taxonomy":"post_tag","embeddable":true,"href":"https:\/\/elemanyonlendir.com\/blog\/wp-json\/wp\/v2\/tags?post=95"}],"curies":[{"name":"wp","href":"https:\/\/api.w.org\/{rel}","templated":true}]}}